{"id":254,"date":"2023-02-07T17:02:45","date_gmt":"2023-02-07T17:02:45","guid":{"rendered":"https:\/\/jovenesinvestigadores.org\/?p=254"},"modified":"2023-02-07T17:09:34","modified_gmt":"2023-02-07T17:09:34","slug":"pais-que-canta-por-mauro-marino-jimenez","status":"publish","type":"post","link":"https:\/\/jovenesinvestigadores.org\/index.php\/2023\/02\/07\/pais-que-canta-por-mauro-marino-jimenez\/","title":{"rendered":"Pa\u00eds que canta, por Mauro Marino Jim\u00e9nez"},"content":{"rendered":"\n<figure class=\"wp-block-embed is-type-video is-provider-youtube wp-block-embed-youtube wp-embed-aspect-16-9 wp-has-aspect-ratio\"><div class=\"wp-block-embed__wrapper\">\n<iframe loading=\"lazy\" title=\"Mauro Marino Jim\u00e9nez - Pa\u00eds que canta\" width=\"640\" height=\"360\" src=\"https:\/\/www.youtube.com\/embed\/H4iKWNIWmMo?feature=oembed\" frameborder=\"0\" allow=\"accelerometer; autoplay; clipboard-write; encrypted-media; gyroscope; picture-in-picture; web-share\" referrerpolicy=\"strict-origin-when-cross-origin\" allowfullscreen><\/iframe>\n<\/div><\/figure>\n\n\n\n<hr class=\"wp-block-separator has-alpha-channel-opacity\"\/>\n\n\n\n<p>No temas atisbar hacia tus sombras,<br>ni volver a vivir los llamados de tu memoria.<\/p>\n\n\n\n<p>Ella te cri\u00f3 con su pecho, su cabeza y su poco de tierra, como un jard\u00edn donde hab\u00eda que sufrir y florecer todos los d\u00edas.<\/p>\n\n\n\n<p>No temas cantar al diafragma florido, que te arma con tijeras y te hace crecer en medio de la lluvia y el granizo y las inclemencias de las estrellas de pl\u00e1stico y las sirenas en el medio de la noche. Ellos hicieron respirar a tus ojos, para que seas testigo entre tus hermanos y viga entre sus tierras.<\/p>\n\n\n\n<p>No temas hu\u00edr por las ventanas del sue\u00f1o. Atravi\u00e9salas para que lo real sea diferente al d\u00eda de ayer, para que tus ojos alcancen lo que imaginaste que ser\u00eda tu semilla, para que la vida te abrace sin sonrisa vicaria.<\/p>\n\n\n\n<p>No temas subir al jard\u00edn de quienes te robaron, porque tu voz, tu vida y tus \u00e1tomos estar\u00e1n m\u00e1s alineados y ser\u00e1n m\u00e1s bellos que el canto; y tu sudor hecho barro para reconstruir la salud de quienes duermen, el amor de quienes trabajan, las miradas de quienes escriben y los o\u00eddos de los que desatan.<\/p>\n\n\n\n<p>No temas franquear lo que estuvo antes de ti, ni estar\u00e1 despu\u00e9s de que te vayas. Los buitres graznan hasta el mediod\u00eda; pero tu canto llegar\u00e1 hasta el rinc\u00f3n m\u00e1s remoto que escribi\u00f3 el tiempo y el conf\u00edn m\u00e1s profundo que se cre\u00f3 en las piedras y en los mares m\u00e1s extensos que se hicieron con tus r\u00edos y en las c\u00e9lulas de los que sonr\u00eden, porque nacen vivos.&nbsp;<\/p>\n\n\n\n<p><br>Lima, 31 de julio de 2020<\/p>\n","protected":false},"excerpt":{"rendered":"<p>No temas atisbar hacia tus sombras,ni volver a vivir los llamados de tu memoria. Ella&#8230;<\/p>\n","protected":false},"author":1,"featured_media":255,"comment_status":"open","ping_status":"open","sticky":false,"template":"","format":"standard","meta":{"rop_custom_images_group":[],"rop_custom_messages_group":[],"rop_publish_now":"initial","rop_publish_now_accounts":{"facebook_9001523176567281_422463201840075":""},"rop_publish_now_history":[],"rop_publish_now_status":"pending","_jetpack_memberships_contains_paid_content":false,"footnotes":"","jetpack_publicize_message":"","jetpack_publicize_feature_enabled":true,"jetpack_social_post_already_shared":false,"jetpack_social_options":{"image_generator_settings":{"template":"highway","default_image_id":0,"font":"","enabled":false},"version":2}},"categories":[30],"tags":[28,26,27],"class_list":["post-254","post","type-post","status-publish","format-standard","has-post-thumbnail","hentry","category-creacion","tag-mauro-marino","tag-poemas","tag-poesia"],"jetpack_publicize_connections":[],"jetpack_featured_media_url":"https:\/\/jovenesinvestigadores.org\/wp-content\/uploads\/2023\/02\/giphy-3.gif","jetpack_sharing_enabled":true,"_links":{"self":[{"href":"https:\/\/jovenesinvestigadores.org\/index.php\/wp-json\/wp\/v2\/posts\/254","targetHints":{"allow":["GET"]}}],"collection":[{"href":"https:\/\/jovenesinvestigadores.org\/index.php\/wp-json\/wp\/v2\/posts"}],"about":[{"href":"https:\/\/jovenesinvestigadores.org\/index.php\/wp-json\/wp\/v2\/types\/post"}],"author":[{"embeddable":true,"href":"https:\/\/jovenesinvestigadores.org\/index.php\/wp-json\/wp\/v2\/users\/1"}],"replies":[{"embeddable":true,"href":"https:\/\/jovenesinvestigadores.org\/index.php\/wp-json\/wp\/v2\/comments?post=254"}],"version-history":[{"count":2,"href":"https:\/\/jovenesinvestigadores.org\/index.php\/wp-json\/wp\/v2\/posts\/254\/revisions"}],"predecessor-version":[{"id":262,"href":"https:\/\/jovenesinvestigadores.org\/index.php\/wp-json\/wp\/v2\/posts\/254\/revisions\/262"}],"wp:featuredmedia":[{"embeddable":true,"href":"https:\/\/jovenesinvestigadores.org\/index.php\/wp-json\/wp\/v2\/media\/255"}],"wp:attachment":[{"href":"https:\/\/jovenesinvestigadores.org\/index.php\/wp-json\/wp\/v2\/media?parent=254"}],"wp:term":[{"taxonomy":"category","embeddable":true,"href":"https:\/\/jovenesinvestigadores.org\/index.php\/wp-json\/wp\/v2\/categories?post=254"},{"taxonomy":"post_tag","embeddable":true,"href":"https:\/\/jovenesinvestigadores.org\/index.php\/wp-json\/wp\/v2\/tags?post=254"}],"curies":[{"name":"wp","href":"https:\/\/api.w.org\/{rel}","templated":true}]}}